{"id":30,"date":"2024-03-01T10:00:00","date_gmt":"2024-03-01T09:00:00","guid":{"rendered":"https:\/\/arr11928.ginette-et-compagnie.fr\/?p=30"},"modified":"2024-03-01T10:00:00","modified_gmt":"2024-03-01T09:00:00","slug":"salon-cibus-parme","status":"publish","type":"post","link":"https:\/\/noixdegrenoble-riviere.com\/?p=30","title":{"rendered":"Salon du CIBUS Parme du 7 au 10 mai"},"content":{"rendered":"\n<p>Nos noix et cerneaux seront pr\u00e9sents et pr\u00eats \u00e0 \u00eatre d\u00e9gust\u00e9s au CIBUS du 7 au 10 mai \u00e0 Parme (Italie). R\u00e9f\u00e9rence pour tous les acteurs du secteur agroalimentaire italien et international, c\u2019est un \u00e9v\u00e9nement \u00e0 ne pas manquer pour se mettre \u00e0 la page des derni\u00e8res nouveaut\u00e9s et tendances du secteur ! Un salon anim\u00e9 par des conf\u00e9rences et des tables rondes, la parole est donn\u00e9e pour comprendre et d\u00e9battre sur les enjeux du secteur de l\u2019alimentation et de la distribution. Arnaud RIVIERE se rendra directement sur place pour assister \u00e0 cet \u00e9v\u00e9nement phare du secteur.<\/p>\n","protected":false},"excerpt":{"rendered":"<p>Nos noix et cerneaux seront pr\u00e9sents et pr\u00eats \u00e0 \u00eatre d\u00e9gust\u00e9s au CIBUS du 7 au 10 mai \u00e0 Parme (Italie). R\u00e9f\u00e9rence pour tous les acteurs du secteur agroalimentaire italien et international, c\u2019est un \u00e9v\u00e9nement \u00e0 ne pas manquer pour se mettre \u00e0 la page des derni\u00e8res nouveaut\u00e9s et tendances du secteur ! Un salon anim\u00e9 par des conf\u00e9rences et &#8230; <\/p>\n<div><a href=\"https:\/\/noixdegrenoble-riviere.com\/?p=30\" class=\"more-link\">Read More<\/a><\/div>\n","protected":false},"author":1,"featured_media":0,"comment_status":"closed","ping_status":"open","sticky":false,"template":"","format":"standard","meta":{"footnotes":""},"categories":[2],"tags":[],"class_list":["post-30","post","type-post","status-publish","format-standard","hentry","category-news","no-post-thumbnail"],"yoast_head":"<!-- This site is optimized with the Yoast SEO plugin v22.4 - https:\/\/yoast.com\/wordpress\/plugins\/seo\/ -->\n<title>Salon du CIBUS Parme du 7 au 10 mai - Arnaud Rivi\u00e8re<\/title>\n<meta name=\"robots\" content=\"index, follow, max-snippet:-1, max-image-preview:large, max-video-preview:-1\" \/>\n<link rel=\"canonical\" href=\"https:\/\/noixdegrenoble-riviere.com\/?p=30\" \/>\n<meta property=\"og:locale\" content=\"fr_FR\" \/>\n<meta property=\"og:type\" content=\"article\" \/>\n<meta property=\"og:title\" content=\"Salon du CIBUS Parme du 7 au 10 mai - Arnaud Rivi\u00e8re\" \/>\n<meta property=\"og:description\" content=\"Nos noix et cerneaux seront pr\u00e9sents et pr\u00eats \u00e0 \u00eatre d\u00e9gust\u00e9s au CIBUS du 7 au 10 mai \u00e0 Parme (Italie). R\u00e9f\u00e9rence pour tous les acteurs du secteur agroalimentaire italien et international, c\u2019est un \u00e9v\u00e9nement \u00e0 ne pas manquer pour se mettre \u00e0 la page des derni\u00e8res nouveaut\u00e9s et tendances du secteur ! Un salon anim\u00e9 par des conf\u00e9rences et ... Read More\" \/>\n<meta property=\"og:url\" content=\"https:\/\/noixdegrenoble-riviere.com\/?p=30\" \/>\n<meta property=\"og:site_name\" content=\"Arnaud Rivi\u00e8re\" \/>\n<meta property=\"article:published_time\" content=\"2024-03-01T09:00:00+00:00\" \/>\n<meta name=\"author\" content=\"arradmin\" \/>\n<meta name=\"twitter:card\" content=\"summary_large_image\" \/>\n<meta name=\"twitter:label1\" content=\"\u00c9crit par\" \/>\n\t<meta name=\"twitter:data1\" content=\"arradmin\" \/>\n\t<meta name=\"twitter:label2\" content=\"Dur\u00e9e de lecture estim\u00e9e\" \/>\n\t<meta name=\"twitter:data2\" content=\"1 minute\" \/>\n<script type=\"application\/ld+json\" class=\"yoast-schema-graph\">{\"@context\":\"https:\/\/schema.org\",\"@graph\":[{\"@type\":\"WebPage\",\"@id\":\"https:\/\/noixdegrenoble-riviere.com\/?p=30\",\"url\":\"https:\/\/noixdegrenoble-riviere.com\/?p=30\",\"name\":\"Salon du CIBUS Parme du 7 au 10 mai - Arnaud Rivi\u00e8re\",\"isPartOf\":{\"@id\":\"https:\/\/noixdegrenoble-riviere.com\/#website\"},\"datePublished\":\"2024-03-01T09:00:00+00:00\",\"dateModified\":\"2024-03-01T09:00:00+00:00\",\"author\":{\"@id\":\"https:\/\/noixdegrenoble-riviere.com\/#\/schema\/person\/3458b405c67a291888164254f2f58f2c\"},\"breadcrumb\":{\"@id\":\"https:\/\/noixdegrenoble-riviere.com\/?p=30#breadcrumb\"},\"inLanguage\":\"fr-FR\",\"potentialAction\":[{\"@type\":\"ReadAction\",\"target\":[\"https:\/\/noixdegrenoble-riviere.com\/?p=30\"]}]},{\"@type\":\"BreadcrumbList\",\"@id\":\"https:\/\/noixdegrenoble-riviere.com\/?p=30#breadcrumb\",\"itemListElement\":[{\"@type\":\"ListItem\",\"position\":1,\"name\":\"Accueil\",\"item\":\"https:\/\/noixdegrenoble-riviere.com\/\"},{\"@type\":\"ListItem\",\"position\":2,\"name\":\"Salon du CIBUS Parme du 7 au 10 mai\"}]},{\"@type\":\"WebSite\",\"@id\":\"https:\/\/noixdegrenoble-riviere.com\/#website\",\"url\":\"https:\/\/noixdegrenoble-riviere.com\/\",\"name\":\"Arnaud Rivi\u00e8re\",\"description\":\"\",\"potentialAction\":[{\"@type\":\"SearchAction\",\"target\":{\"@type\":\"EntryPoint\",\"urlTemplate\":\"https:\/\/noixdegrenoble-riviere.com\/?s={search_term_string}\"},\"query-input\":\"required name=search_term_string\"}],\"inLanguage\":\"fr-FR\"},{\"@type\":\"Person\",\"@id\":\"https:\/\/noixdegrenoble-riviere.com\/#\/schema\/person\/3458b405c67a291888164254f2f58f2c\",\"name\":\"arradmin\",\"sameAs\":[\"http:\/\/noixdegrenoble-riviere.com\"],\"url\":\"https:\/\/noixdegrenoble-riviere.com\/?author=1\"}]}<\/script>\n<!-- \/ Yoast SEO plugin. -->","yoast_head_json":{"title":"Salon du CIBUS Parme du 7 au 10 mai - Arnaud Rivi\u00e8re","robots":{"index":"index","follow":"follow","max-snippet":"max-snippet:-1","max-image-preview":"max-image-preview:large","max-video-preview":"max-video-preview:-1"},"canonical":"https:\/\/noixdegrenoble-riviere.com\/?p=30","og_locale":"fr_FR","og_type":"article","og_title":"Salon du CIBUS Parme du 7 au 10 mai - Arnaud Rivi\u00e8re","og_description":"Nos noix et cerneaux seront pr\u00e9sents et pr\u00eats \u00e0 \u00eatre d\u00e9gust\u00e9s au CIBUS du 7 au 10 mai \u00e0 Parme (Italie). R\u00e9f\u00e9rence pour tous les acteurs du secteur agroalimentaire italien et international, c\u2019est un \u00e9v\u00e9nement \u00e0 ne pas manquer pour se mettre \u00e0 la page des derni\u00e8res nouveaut\u00e9s et tendances du secteur ! Un salon anim\u00e9 par des conf\u00e9rences et ... Read More","og_url":"https:\/\/noixdegrenoble-riviere.com\/?p=30","og_site_name":"Arnaud Rivi\u00e8re","article_published_time":"2024-03-01T09:00:00+00:00","author":"arradmin","twitter_card":"summary_large_image","twitter_misc":{"\u00c9crit par":"arradmin","Dur\u00e9e de lecture estim\u00e9e":"1 minute"},"schema":{"@context":"https:\/\/schema.org","@graph":[{"@type":"WebPage","@id":"https:\/\/noixdegrenoble-riviere.com\/?p=30","url":"https:\/\/noixdegrenoble-riviere.com\/?p=30","name":"Salon du CIBUS Parme du 7 au 10 mai - Arnaud Rivi\u00e8re","isPartOf":{"@id":"https:\/\/noixdegrenoble-riviere.com\/#website"},"datePublished":"2024-03-01T09:00:00+00:00","dateModified":"2024-03-01T09:00:00+00:00","author":{"@id":"https:\/\/noixdegrenoble-riviere.com\/#\/schema\/person\/3458b405c67a291888164254f2f58f2c"},"breadcrumb":{"@id":"https:\/\/noixdegrenoble-riviere.com\/?p=30#breadcrumb"},"inLanguage":"fr-FR","potentialAction":[{"@type":"ReadAction","target":["https:\/\/noixdegrenoble-riviere.com\/?p=30"]}]},{"@type":"BreadcrumbList","@id":"https:\/\/noixdegrenoble-riviere.com\/?p=30#breadcrumb","itemListElement":[{"@type":"ListItem","position":1,"name":"Accueil","item":"https:\/\/noixdegrenoble-riviere.com\/"},{"@type":"ListItem","position":2,"name":"Salon du CIBUS Parme du 7 au 10 mai"}]},{"@type":"WebSite","@id":"https:\/\/noixdegrenoble-riviere.com\/#website","url":"https:\/\/noixdegrenoble-riviere.com\/","name":"Arnaud Rivi\u00e8re","description":"","potentialAction":[{"@type":"SearchAction","target":{"@type":"EntryPoint","urlTemplate":"https:\/\/noixdegrenoble-riviere.com\/?s={search_term_string}"},"query-input":"required name=search_term_string"}],"inLanguage":"fr-FR"},{"@type":"Person","@id":"https:\/\/noixdegrenoble-riviere.com\/#\/schema\/person\/3458b405c67a291888164254f2f58f2c","name":"arradmin","sameAs":["http:\/\/noixdegrenoble-riviere.com"],"url":"https:\/\/noixdegrenoble-riviere.com\/?author=1"}]}},"_links":{"self":[{"href":"https:\/\/noixdegrenoble-riviere.com\/index.php?rest_route=\/wp\/v2\/posts\/30","targetHints":{"allow":["GET"]}}],"collection":[{"href":"https:\/\/noixdegrenoble-riviere.com\/index.php?rest_route=\/wp\/v2\/posts"}],"about":[{"href":"https:\/\/noixdegrenoble-riviere.com\/index.php?rest_route=\/wp\/v2\/types\/post"}],"author":[{"embeddable":true,"href":"https:\/\/noixdegrenoble-riviere.com\/index.php?rest_route=\/wp\/v2\/users\/1"}],"replies":[{"embeddable":true,"href":"https:\/\/noixdegrenoble-riviere.com\/index.php?rest_route=%2Fwp%2Fv2%2Fcomments&post=30"}],"version-history":[{"count":0,"href":"https:\/\/noixdegrenoble-riviere.com\/index.php?rest_route=\/wp\/v2\/posts\/30\/revisions"}],"wp:attachment":[{"href":"https:\/\/noixdegrenoble-riviere.com\/index.php?rest_route=%2Fwp%2Fv2%2Fmedia&parent=30"}],"wp:term":[{"taxonomy":"category","embeddable":true,"href":"https:\/\/noixdegrenoble-riviere.com\/index.php?rest_route=%2Fwp%2Fv2%2Fcategories&post=30"},{"taxonomy":"post_tag","embeddable":true,"href":"https:\/\/noixdegrenoble-riviere.com\/index.php?rest_route=%2Fwp%2Fv2%2Ftags&post=30"}],"curies":[{"name":"wp","href":"https:\/\/api.w.org\/{rel}","templated":true}]}}